{"id":14092,"date":"2025-04-09T16:05:54","date_gmt":"2025-04-09T22:05:54","guid":{"rendered":"https:\/\/alcierrenoticias.com\/?p=14092"},"modified":"2025-04-10T15:24:55","modified_gmt":"2025-04-10T21:24:55","slug":"agradece-jorge-aldana-a-gobernadora-por-ampliacion-del-programa-de-ocupacion-temporal-beneficiara-a-mas-familias-camarguenses","status":"publish","type":"post","link":"https:\/\/alcierrenoticias.com\/index.php\/2025\/04\/09\/agradece-jorge-aldana-a-gobernadora-por-ampliacion-del-programa-de-ocupacion-temporal-beneficiara-a-mas-familias-camarguenses\/","title":{"rendered":"Agradece Jorge Aldana a gobernadora por ampliaci\u00f3n del Programa de Ocupaci\u00f3n Temporal: beneficiar\u00e1 a m\u00e1s familias camarguenses."},"content":{"rendered":"<p>El presidente municipal de Camargo, Jorge Aldana, agradeci\u00f3 a la gobernadora del estado, Maru Campos, por la ampliaci\u00f3n del Programa de Ocupaci\u00f3n Temporal, el cual beneficiar\u00e1 directamente a las familias camarguenses que atraviesan momentos dif\u00edciles a causa de la intensa sequ\u00eda que afecta a la regi\u00f3n centro-sur del estado.<br \/>\n&#8220;Con este programa, m\u00e1s familias camarguenses podr\u00e1n tener un ingreso y, al mismo tiempo, trabajar para el beneficio de su comunidad. Las y los camarguenses contamos con nuestra gobernadora, y cuentan con su presidente municipal para tener m\u00e1s y mejores oportunidades&#8221;, afirm\u00f3.<\/p>\n<p>El anuncio fue realizado este mi\u00e9rcoles por la gobernadora, quien inform\u00f3 que se destinar\u00e1n 20 millones de pesos a este programa emergente, lo cual permitir\u00e1 emplear a aproximadamente 8 mil personas en los 12 municipios m\u00e1s afectados por la falta de lluvias: Meoqui, Delicias, Jim\u00e9nez, Rosales, Camargo, Coronado, Saucillo, Julimes, Valle de Zaragoza, La Cruz, L\u00f3pez y San Francisco de Conchos.<\/p>\n<p>La gobernadora explic\u00f3 que la falta de lluvias ha agudizado los problemas en el campo, haciendo imposible continuar con los ciclos agr\u00edcolas en muchas zonas, situaci\u00f3n que ha obligado a cientos de familias a buscar nuevas formas de subsistencia. Con este tipo de acciones, el Gobierno Municipal de Camargo y el Gobierno del Estado de Chihuahua reafirman su compromiso de trabajar unidos para apoyar a las familias que m\u00e1s lo necesitan.<\/p>\n","protected":false},"excerpt":{"rendered":"<p>El presidente municipal de Camargo, Jorge Aldana, agradeci\u00f3 a la gobernadora del estado, Maru Campos, por la ampliaci\u00f3n del Programa de Ocupaci\u00f3n Temporal, el cual beneficiar\u00e1 directamente a las familias camarguenses que atraviesan momentos dif\u00edciles a causa de la intensa sequ\u00eda que afecta a la regi\u00f3n centro-sur del estado. &#8220;Con este programa, m\u00e1s familias camarguenses podr\u00e1n tener un ingreso y, al mismo tiempo, trabajar para el beneficio de su comunidad. Las y los camarguenses contamos con nuestra gobernadora, y cuentan con su presidente municipal para tener m\u00e1s y mejores oportunidades&#8221;, afirm\u00f3. El anuncio fue realizado este mi\u00e9rcoles por la gobernadora, quien inform\u00f3 que se destinar\u00e1n 20 millones de pesos a este programa emergente, lo cual permitir\u00e1 emplear a aproximadamente 8 mil personas en los 12 municipios m\u00e1s afectados por la falta de lluvias: Meoqui, Delicias, Jim\u00e9nez, Rosales, Camargo, Coronado, Saucillo, Julimes, Valle de Zaragoza, La Cruz, L\u00f3pez y San Francisco de Conchos. La gobernadora explic\u00f3 que la falta de lluvias ha agudizado los problemas en el campo, haciendo imposible continuar con los ciclos agr\u00edcolas en muchas zonas, situaci\u00f3n que ha obligado a cientos de familias a buscar nuevas formas de subsistencia. Con este tipo de acciones, el Gobierno Municipal de Camargo y el Gobierno del Estado de Chihuahua reafirman su compromiso de trabajar unidos para apoyar a las familias que m\u00e1s lo necesitan.<\/p>\n","protected":false},"author":2,"featured_media":14094,"comment_status":"open","ping_status":"open","sticky":false,"template":"","format":"standard","meta":{"_monsterinsights_skip_tracking":false,"_monsterinsights_sitenote_active":false,"_monsterinsights_sitenote_note":"","_monsterinsights_sitenote_category":0,"advanced_seo_description":"","jetpack_seo_html_title":"","jetpack_seo_noindex":false,"_jetpack_memberships_contains_paid_content":false,"footnotes":"","jetpack_publicize_message":"","jetpack_publicize_feature_enabled":true,"jetpack_social_post_already_shared":true,"jetpack_social_options":{"image_generator_settings":{"template":"highway","enabled":false},"version":2}},"categories":[8,135,11],"tags":[],"class_list":["post-14092","post","type-post","status-publish","format-standard","has-post-thumbnail","hentry","category-estado","category-lo-mas-leido","category-principal"],"jetpack_publicize_connections":[],"jetpack_sharing_enabled":true,"jetpack_featured_media_url":"https:\/\/i0.wp.com\/alcierrenoticias.com\/wp-content\/uploads\/2025\/04\/WhatsApp-Image-2025-04-09-at-4.00.11-PM.jpeg?fit=1200%2C626&ssl=1","amp_enabled":true,"_links":{"self":[{"href":"https:\/\/alcierrenoticias.com\/index.php\/wp-json\/wp\/v2\/posts\/14092","targetHints":{"allow":["GET"]}}],"collection":[{"href":"https:\/\/alcierrenoticias.com\/index.php\/wp-json\/wp\/v2\/posts"}],"about":[{"href":"https:\/\/alcierrenoticias.com\/index.php\/wp-json\/wp\/v2\/types\/post"}],"author":[{"embeddable":true,"href":"https:\/\/alcierrenoticias.com\/index.php\/wp-json\/wp\/v2\/users\/2"}],"replies":[{"embeddable":true,"href":"https:\/\/alcierrenoticias.com\/index.php\/wp-json\/wp\/v2\/comments?post=14092"}],"version-history":[{"count":2,"href":"https:\/\/alcierrenoticias.com\/index.php\/wp-json\/wp\/v2\/posts\/14092\/revisions"}],"predecessor-version":[{"id":14095,"href":"https:\/\/alcierrenoticias.com\/index.php\/wp-json\/wp\/v2\/posts\/14092\/revisions\/14095"}],"wp:featuredmedia":[{"embeddable":true,"href":"https:\/\/alcierrenoticias.com\/index.php\/wp-json\/wp\/v2\/media\/14094"}],"wp:attachment":[{"href":"https:\/\/alcierrenoticias.com\/index.php\/wp-json\/wp\/v2\/media?parent=14092"}],"wp:term":[{"taxonomy":"category","embeddable":true,"href":"https:\/\/alcierrenoticias.com\/index.php\/wp-json\/wp\/v2\/categories?post=14092"},{"taxonomy":"post_tag","embeddable":true,"href":"https:\/\/alcierrenoticias.com\/index.php\/wp-json\/wp\/v2\/tags?post=14092"}],"curies":[{"name":"wp","href":"https:\/\/api.w.org\/{rel}","templated":true}]}}