{"id":14007,"date":"2025-04-07T14:07:05","date_gmt":"2025-04-07T20:07:05","guid":{"rendered":"https:\/\/alcierrenoticias.com\/?p=14007"},"modified":"2025-04-08T00:09:17","modified_gmt":"2025-04-08T06:09:17","slug":"todo-un-exito-carrera-de-colores-por-el-autismo-en-camargo-dif-municipal","status":"publish","type":"post","link":"https:\/\/alcierrenoticias.com\/index.php\/2025\/04\/07\/todo-un-exito-carrera-de-colores-por-el-autismo-en-camargo-dif-municipal\/","title":{"rendered":"Todo un \u00e9xito carrera de colores por el autismo en Camargo: DIF Municipal."},"content":{"rendered":"<p>Todo un \u00e9xito result\u00f3 la Carrera de Colores realizada en el marco del D\u00eda de Concienciaci\u00f3n sobre el Autismo, evento que reuni\u00f3 a m\u00e1s de 600 personas entre ni\u00f1as, ni\u00f1os, j\u00f3venes y familias enteras que se unieron con entusiasmo a esta noble causa.<\/p>\n<p>La salida se llev\u00f3 a cabo en las instalaciones del DIF Municipal, tomando rumbo hacia la Unidad Deportiva Luis Jaramillo para completar el recorrido de regreso al punto de partida. Durante el trayecto, los asistentes disfrutaron de un ambiente lleno de color, alegr\u00eda y unidad.<\/p>\n<p>El presidente municipal Jorge Aldana destac\u00f3 la importancia de seguir impulsando este tipo de actividades que promueven la inclusi\u00f3n y el respeto:<\/p>\n<p>\u201cNos llena de orgullo ver a tantas familias camarguenses unidas por una causa tan especial. Esta carrera no solo fue un espacio de convivencia, sino tambi\u00e9n una forma de seguir creando conciencia sobre el autismo y demostrar que en Camargo estamos construyendo una sociedad m\u00e1s emp\u00e1tica y solidaria.\u201d<\/p>\n<p>El evento se vivi\u00f3 en un ambiente totalmente familiar, lleno de sonrisas, colores y mensajes de apoyo. Con este tipo de acciones, el Gobierno Municipal reafirma su compromiso de promover la inclusi\u00f3n y el respeto a la diversidad.<\/p>\n","protected":false},"excerpt":{"rendered":"<p>Todo un \u00e9xito result\u00f3 la Carrera de Colores realizada en el marco del D\u00eda de Concienciaci\u00f3n sobre el Autismo, evento que reuni\u00f3 a m\u00e1s de 600 personas entre ni\u00f1as, ni\u00f1os, j\u00f3venes y familias enteras que se unieron con entusiasmo a esta noble causa. La salida se llev\u00f3 a cabo en las instalaciones del DIF Municipal, tomando rumbo hacia la Unidad Deportiva Luis Jaramillo para completar el recorrido de regreso al punto de partida. Durante el trayecto, los asistentes disfrutaron de un ambiente lleno de color, alegr\u00eda y unidad. El presidente municipal Jorge Aldana destac\u00f3 la importancia de seguir impulsando este tipo de actividades que promueven la inclusi\u00f3n y el respeto: \u201cNos llena de orgullo ver a tantas familias camarguenses unidas por una causa tan especial. Esta carrera no solo fue un espacio de convivencia, sino tambi\u00e9n una forma de seguir creando conciencia sobre el autismo y demostrar que en Camargo estamos construyendo una sociedad m\u00e1s emp\u00e1tica y solidaria.\u201d El evento se vivi\u00f3 en un ambiente totalmente familiar, lleno de sonrisas, colores y mensajes de apoyo. Con este tipo de acciones, el Gobierno Municipal reafirma su compromiso de promover la inclusi\u00f3n y el respeto a la diversidad.<\/p>\n","protected":false},"author":2,"featured_media":14009,"comment_status":"open","ping_status":"open","sticky":false,"template":"","format":"standard","meta":{"_monsterinsights_skip_tracking":false,"_monsterinsights_sitenote_active":false,"_monsterinsights_sitenote_note":"","_monsterinsights_sitenote_category":0,"advanced_seo_description":"","jetpack_seo_html_title":"","jetpack_seo_noindex":false,"_jetpack_memberships_contains_paid_content":false,"footnotes":"","jetpack_publicize_message":"","jetpack_publicize_feature_enabled":true,"jetpack_social_post_already_shared":true,"jetpack_social_options":{"image_generator_settings":{"template":"highway","enabled":false},"version":2}},"categories":[8,135,11],"tags":[],"class_list":["post-14007","post","type-post","status-publish","format-standard","has-post-thumbnail","hentry","category-estado","category-lo-mas-leido","category-principal"],"jetpack_publicize_connections":[],"jetpack_sharing_enabled":true,"jetpack_featured_media_url":"https:\/\/i0.wp.com\/alcierrenoticias.com\/wp-content\/uploads\/2025\/04\/WhatsApp-Image-2025-04-07-at-1.58.12-PM.jpeg?fit=1600%2C1066&ssl=1","amp_enabled":true,"_links":{"self":[{"href":"https:\/\/alcierrenoticias.com\/index.php\/wp-json\/wp\/v2\/posts\/14007","targetHints":{"allow":["GET"]}}],"collection":[{"href":"https:\/\/alcierrenoticias.com\/index.php\/wp-json\/wp\/v2\/posts"}],"about":[{"href":"https:\/\/alcierrenoticias.com\/index.php\/wp-json\/wp\/v2\/types\/post"}],"author":[{"embeddable":true,"href":"https:\/\/alcierrenoticias.com\/index.php\/wp-json\/wp\/v2\/users\/2"}],"replies":[{"embeddable":true,"href":"https:\/\/alcierrenoticias.com\/index.php\/wp-json\/wp\/v2\/comments?post=14007"}],"version-history":[{"count":2,"href":"https:\/\/alcierrenoticias.com\/index.php\/wp-json\/wp\/v2\/posts\/14007\/revisions"}],"predecessor-version":[{"id":14010,"href":"https:\/\/alcierrenoticias.com\/index.php\/wp-json\/wp\/v2\/posts\/14007\/revisions\/14010"}],"wp:featuredmedia":[{"embeddable":true,"href":"https:\/\/alcierrenoticias.com\/index.php\/wp-json\/wp\/v2\/media\/14009"}],"wp:attachment":[{"href":"https:\/\/alcierrenoticias.com\/index.php\/wp-json\/wp\/v2\/media?parent=14007"}],"wp:term":[{"taxonomy":"category","embeddable":true,"href":"https:\/\/alcierrenoticias.com\/index.php\/wp-json\/wp\/v2\/categories?post=14007"},{"taxonomy":"post_tag","embeddable":true,"href":"https:\/\/alcierrenoticias.com\/index.php\/wp-json\/wp\/v2\/tags?post=14007"}],"curies":[{"name":"wp","href":"https:\/\/api.w.org\/{rel}","templated":true}]}}