{"id":14003,"date":"2025-04-07T14:00:35","date_gmt":"2025-04-07T20:00:35","guid":{"rendered":"https:\/\/alcierrenoticias.com\/?p=14003"},"modified":"2025-04-08T00:06:46","modified_gmt":"2025-04-08T06:06:46","slug":"direccion-de-vialidad-realiza-actividades-de-educacion-vial-a-ninas-y-ninos-de-camargo","status":"publish","type":"post","link":"https:\/\/alcierrenoticias.com\/index.php\/2025\/04\/07\/direccion-de-vialidad-realiza-actividades-de-educacion-vial-a-ninas-y-ninos-de-camargo\/","title":{"rendered":"Direcci\u00f3n de Vialidad realiza actividades de educaci\u00f3n vial a ni\u00f1as y ni\u00f1os de Camargo."},"content":{"rendered":"<p>Con el objetivo de promover una cultura de seguridad vial desde la infancia, la Direcci\u00f3n de Vialidad en coordinaci\u00f3n con Prevenci\u00f3n Delictiva llev\u00f3 a cabo una jornada de educaci\u00f3n vial en el Instituto Amado Nervo.<\/p>\n<p>Durante esta actividad, ni\u00f1as y ni\u00f1os recibieron informaci\u00f3n sobre los principales se\u00f1alamientos de tr\u00e1nsito y su importancia para prevenir accidentes. A trav\u00e9s de din\u00e1micas interactivas, los peque\u00f1os aprendieron sobre las normas de seguridad que deben seguir tanto peatones como conductores.<\/p>\n<p>Con estas acciones, reafirmamos nuestro compromiso de construir un entorno m\u00e1s seguro y responsable para todos, apostando por la formaci\u00f3n desde temprana edad. La educaci\u00f3n vial es clave para generar conciencia y prevenir incidentes en la v\u00eda p\u00fablica.<\/p>\n<p>El presidente municipal, Jorge Aldana, resalt\u00f3 la importancia de estas iniciativas: &#8220;Nuestra prioridad es el bienestar de la ni\u00f1ez camarguense. Fomentar una cultura de seguridad vial desde temprana edad nos permite formar ciudadanos responsables y comprometidos con su entorno. Seguiremos impulsando estas acciones para fortalecer la seguridad en nuestro municipio&#8221;.<\/p>\n","protected":false},"excerpt":{"rendered":"<p>Con el objetivo de promover una cultura de seguridad vial desde la infancia, la Direcci\u00f3n de Vialidad en coordinaci\u00f3n con Prevenci\u00f3n Delictiva llev\u00f3 a cabo una jornada de educaci\u00f3n vial en el Instituto Amado Nervo. Durante esta actividad, ni\u00f1as y ni\u00f1os recibieron informaci\u00f3n sobre los principales se\u00f1alamientos de tr\u00e1nsito y su importancia para prevenir accidentes. A trav\u00e9s de din\u00e1micas interactivas, los peque\u00f1os aprendieron sobre las normas de seguridad que deben seguir tanto peatones como conductores. Con estas acciones, reafirmamos nuestro compromiso de construir un entorno m\u00e1s seguro y responsable para todos, apostando por la formaci\u00f3n desde temprana edad. La educaci\u00f3n vial es clave para generar conciencia y prevenir incidentes en la v\u00eda p\u00fablica. El presidente municipal, Jorge Aldana, resalt\u00f3 la importancia de estas iniciativas: &#8220;Nuestra prioridad es el bienestar de la ni\u00f1ez camarguense. Fomentar una cultura de seguridad vial desde temprana edad nos permite formar ciudadanos responsables y comprometidos con su entorno. Seguiremos impulsando estas acciones para fortalecer la seguridad en nuestro municipio&#8221;.<\/p>\n","protected":false},"author":2,"featured_media":14004,"comment_status":"open","ping_status":"open","sticky":false,"template":"","format":"standard","meta":{"_monsterinsights_skip_tracking":false,"_monsterinsights_sitenote_active":false,"_monsterinsights_sitenote_note":"","_monsterinsights_sitenote_category":0,"advanced_seo_description":"","jetpack_seo_html_title":"","jetpack_seo_noindex":false,"_jetpack_memberships_contains_paid_content":false,"footnotes":"","jetpack_publicize_message":"","jetpack_publicize_feature_enabled":true,"jetpack_social_post_already_shared":true,"jetpack_social_options":{"image_generator_settings":{"template":"highway","enabled":false},"version":2}},"categories":[8,135,11],"tags":[],"class_list":["post-14003","post","type-post","status-publish","format-standard","has-post-thumbnail","hentry","category-estado","category-lo-mas-leido","category-principal"],"jetpack_publicize_connections":[],"jetpack_sharing_enabled":true,"jetpack_featured_media_url":"https:\/\/i0.wp.com\/alcierrenoticias.com\/wp-content\/uploads\/2025\/04\/WhatsApp-Image-2025-04-07-at-1.58.10-PM.jpeg?fit=1600%2C1066&ssl=1","amp_enabled":true,"_links":{"self":[{"href":"https:\/\/alcierrenoticias.com\/index.php\/wp-json\/wp\/v2\/posts\/14003","targetHints":{"allow":["GET"]}}],"collection":[{"href":"https:\/\/alcierrenoticias.com\/index.php\/wp-json\/wp\/v2\/posts"}],"about":[{"href":"https:\/\/alcierrenoticias.com\/index.php\/wp-json\/wp\/v2\/types\/post"}],"author":[{"embeddable":true,"href":"https:\/\/alcierrenoticias.com\/index.php\/wp-json\/wp\/v2\/users\/2"}],"replies":[{"embeddable":true,"href":"https:\/\/alcierrenoticias.com\/index.php\/wp-json\/wp\/v2\/comments?post=14003"}],"version-history":[{"count":2,"href":"https:\/\/alcierrenoticias.com\/index.php\/wp-json\/wp\/v2\/posts\/14003\/revisions"}],"predecessor-version":[{"id":14006,"href":"https:\/\/alcierrenoticias.com\/index.php\/wp-json\/wp\/v2\/posts\/14003\/revisions\/14006"}],"wp:featuredmedia":[{"embeddable":true,"href":"https:\/\/alcierrenoticias.com\/index.php\/wp-json\/wp\/v2\/media\/14004"}],"wp:attachment":[{"href":"https:\/\/alcierrenoticias.com\/index.php\/wp-json\/wp\/v2\/media?parent=14003"}],"wp:term":[{"taxonomy":"category","embeddable":true,"href":"https:\/\/alcierrenoticias.com\/index.php\/wp-json\/wp\/v2\/categories?post=14003"},{"taxonomy":"post_tag","embeddable":true,"href":"https:\/\/alcierrenoticias.com\/index.php\/wp-json\/wp\/v2\/tags?post=14003"}],"curies":[{"name":"wp","href":"https:\/\/api.w.org\/{rel}","templated":true}]}}