{"id":1387,"date":"2023-03-28T16:17:10","date_gmt":"2023-03-28T23:17:10","guid":{"rendered":"https:\/\/alcierrenoticias.com\/?p=1387"},"modified":"2023-03-28T16:17:10","modified_gmt":"2023-03-28T23:17:10","slug":"expone-comusal-delicias-las-actividades-para-abril","status":"publish","type":"post","link":"https:\/\/alcierrenoticias.com\/index.php\/2023\/03\/28\/expone-comusal-delicias-las-actividades-para-abril\/","title":{"rendered":"Expone comusal Delicias las actividades para abril."},"content":{"rendered":"<p>Como cada mes, se llev\u00f3 a cabo la reuni\u00f3n del COMUSAL delicias, para identificar los puntos a trabajar seg\u00fan lo estipulado en el calendario de salud para el mes de abril, durante el evento francisca mercado, directora del COMUSAL, resalt\u00f3 las fechas y actividades de mayor relevancia.<\/p>\n<p>&nbsp;<\/p>\n<p>inici\u00f3 con la menci\u00f3n del d\u00eda mundial de la concientizaci\u00f3n del autismo, por lo que se invit\u00f3 a la maestra Yolanda Plasencia, directora del centro regional de autismo rotario, para dar a conocer las actividades a las que COMUSAL se sumar\u00e1, con el objetivo de promover la detecci\u00f3n temprana de esta condici\u00f3n en los ni\u00f1os y ni\u00f1as.<\/p>\n<p><img data-recalc-dims=\"1\" fetchpriority=\"high\" decoding=\"async\" class=\"alignnone  wp-image-1389\" src=\"https:\/\/i0.wp.com\/alcierrenoticias.com\/wp-content\/uploads\/2023\/03\/WhatsApp-Image-2023-03-28-at-1.43.45-PM-1.jpeg?resize=750%2C352&#038;ssl=1\" alt=\"\" width=\"750\" height=\"352\" srcset=\"https:\/\/i0.wp.com\/alcierrenoticias.com\/wp-content\/uploads\/2023\/03\/WhatsApp-Image-2023-03-28-at-1.43.45-PM-1.jpeg?resize=300%2C141&amp;ssl=1 300w, https:\/\/i0.wp.com\/alcierrenoticias.com\/wp-content\/uploads\/2023\/03\/WhatsApp-Image-2023-03-28-at-1.43.45-PM-1.jpeg?resize=768%2C361&amp;ssl=1 768w, https:\/\/i0.wp.com\/alcierrenoticias.com\/wp-content\/uploads\/2023\/03\/WhatsApp-Image-2023-03-28-at-1.43.45-PM-1.jpeg?w=1024&amp;ssl=1 1024w\" sizes=\"(max-width: 750px) 100vw, 750px\" \/><\/p>\n<p>&nbsp;<\/p>\n<p>posteriormente destac\u00f3 el 5 abril, d\u00eda nacional del c\u00e1ncer pulmonar, se\u00f1al\u00f3 que es un c\u00e1ncer que se puede prevenir evitando el consumo del tabaco, que es el m\u00e1s mortal y agresivo, asimismo mencion\u00f3 que para el d\u00eda 6 del mismo mes, d\u00eda mundial de la activaci\u00f3n f\u00edsica, se considerar\u00e1n algunas actividades para fomentar el ejercicio en la sociedad.<\/p>\n<p>&nbsp;<\/p>\n<p>Entre otras fechas como el d\u00eda mundial del parkinson, el d\u00eda de la enfermedad del chagas, el d\u00eda mundial dela hemofilia, y el d\u00eda 23 de abril, fecha en que iniciar\u00e1 la semana de vacunaci\u00f3n de las am\u00e9ricas; el 24, d\u00eda mundial de la meningitis y del paludismo, as\u00ed como el d\u00eda mundial de la seguridad y la salud en el trabajo, para finalizar con el d\u00eda del ni\u00f1o y la ni\u00f1a, el 30 de abril.<\/p>\n<p>&nbsp;<\/p>\n<p>Finalmente mencion\u00f3 que, para el \u00faltimo d\u00eda del mes, se dar\u00e1 continuidad al programa delicias libre rickettsia, en la colonia terrazas, con el destilichadero, que iniciar\u00e1 en punto de las 9 de la ma\u00f1ana, con la finalidad de recoger todos materiales de desecho que provocan concentraci\u00f3n de garrapatas, explic\u00f3 que una vez limpios los patios, se proceder\u00e1 con fumigaci\u00f3n y que a partir de las 5 y media de la tarde se vacunar\u00e1n y desparasitar\u00e1n a las mascotas en la plaza de esta localidad<strong>.<\/strong><\/p>\n","protected":false},"excerpt":{"rendered":"<p>Como cada mes, se llev\u00f3 a cabo la reuni\u00f3n del COMUSAL delicias, para identificar los puntos a trabajar seg\u00fan lo estipulado en el calendario de salud para el mes de abril, durante el evento francisca mercado, directora del COMUSAL, resalt\u00f3 las fechas y actividades de mayor relevancia. &nbsp; inici\u00f3 con la menci\u00f3n del d\u00eda mundial de la concientizaci\u00f3n del autismo, por lo que se invit\u00f3 a la maestra Yolanda Plasencia, directora del centro regional de autismo rotario, para dar a conocer las actividades a las que COMUSAL se sumar\u00e1, con el objetivo de promover la detecci\u00f3n temprana de esta condici\u00f3n en los ni\u00f1os y ni\u00f1as. &nbsp; posteriormente destac\u00f3 el 5 abril, d\u00eda nacional del c\u00e1ncer pulmonar, se\u00f1al\u00f3 que es un c\u00e1ncer que se puede prevenir evitando el consumo del tabaco, que es el m\u00e1s mortal y agresivo, asimismo mencion\u00f3 que para el d\u00eda 6 del mismo mes, d\u00eda mundial de la activaci\u00f3n f\u00edsica, se considerar\u00e1n algunas actividades para fomentar el ejercicio en la sociedad. &nbsp; Entre otras fechas como el d\u00eda mundial del parkinson, el d\u00eda de la enfermedad del chagas, el d\u00eda mundial dela hemofilia, y el d\u00eda 23 de abril, fecha en que iniciar\u00e1 la semana de vacunaci\u00f3n de las am\u00e9ricas; el 24, d\u00eda mundial de la meningitis y del paludismo, as\u00ed como el d\u00eda mundial de la seguridad y la salud en el trabajo, para finalizar con el d\u00eda del ni\u00f1o y la ni\u00f1a, el 30 de abril. &nbsp; Finalmente mencion\u00f3 que, para el \u00faltimo d\u00eda del mes, se dar\u00e1 continuidad al programa delicias libre rickettsia, en la colonia terrazas, con el destilichadero, que iniciar\u00e1 en punto de las 9 de la ma\u00f1ana, con la finalidad de recoger todos materiales de desecho que provocan concentraci\u00f3n de garrapatas, explic\u00f3 que una vez limpios los patios, se proceder\u00e1 con fumigaci\u00f3n y que a partir de las 5 y media de la tarde se vacunar\u00e1n y desparasitar\u00e1n a las mascotas en la plaza de esta localidad.<\/p>\n","protected":false},"author":2,"featured_media":1388,"comment_status":"open","ping_status":"open","sticky":false,"template":"","format":"standard","meta":{"_monsterinsights_skip_tracking":false,"_monsterinsights_sitenote_active":false,"_monsterinsights_sitenote_note":"","_monsterinsights_sitenote_category":0,"advanced_seo_description":"","jetpack_seo_html_title":"","jetpack_seo_noindex":false,"_jetpack_memberships_contains_paid_content":false,"footnotes":"","jetpack_publicize_message":"","jetpack_publicize_feature_enabled":true,"jetpack_social_post_already_shared":true,"jetpack_social_options":{"image_generator_settings":{"template":"highway","enabled":false},"version":2}},"categories":[135,7,11],"tags":[],"class_list":["post-1387","post","type-post","status-publish","format-standard","has-post-thumbnail","hentry","category-lo-mas-leido","category-local","category-principal"],"jetpack_publicize_connections":[],"jetpack_sharing_enabled":true,"jetpack_featured_media_url":"https:\/\/i0.wp.com\/alcierrenoticias.com\/wp-content\/uploads\/2023\/03\/WhatsApp-Image-2023-03-28-at-1.43.45-PM.jpeg?fit=1024%2C639&ssl=1","amp_enabled":true,"_links":{"self":[{"href":"https:\/\/alcierrenoticias.com\/index.php\/wp-json\/wp\/v2\/posts\/1387","targetHints":{"allow":["GET"]}}],"collection":[{"href":"https:\/\/alcierrenoticias.com\/index.php\/wp-json\/wp\/v2\/posts"}],"about":[{"href":"https:\/\/alcierrenoticias.com\/index.php\/wp-json\/wp\/v2\/types\/post"}],"author":[{"embeddable":true,"href":"https:\/\/alcierrenoticias.com\/index.php\/wp-json\/wp\/v2\/users\/2"}],"replies":[{"embeddable":true,"href":"https:\/\/alcierrenoticias.com\/index.php\/wp-json\/wp\/v2\/comments?post=1387"}],"version-history":[{"count":1,"href":"https:\/\/alcierrenoticias.com\/index.php\/wp-json\/wp\/v2\/posts\/1387\/revisions"}],"predecessor-version":[{"id":1390,"href":"https:\/\/alcierrenoticias.com\/index.php\/wp-json\/wp\/v2\/posts\/1387\/revisions\/1390"}],"wp:featuredmedia":[{"embeddable":true,"href":"https:\/\/alcierrenoticias.com\/index.php\/wp-json\/wp\/v2\/media\/1388"}],"wp:attachment":[{"href":"https:\/\/alcierrenoticias.com\/index.php\/wp-json\/wp\/v2\/media?parent=1387"}],"wp:term":[{"taxonomy":"category","embeddable":true,"href":"https:\/\/alcierrenoticias.com\/index.php\/wp-json\/wp\/v2\/categories?post=1387"},{"taxonomy":"post_tag","embeddable":true,"href":"https:\/\/alcierrenoticias.com\/index.php\/wp-json\/wp\/v2\/tags?post=1387"}],"curies":[{"name":"wp","href":"https:\/\/api.w.org\/{rel}","templated":true}]}}