{"id":13858,"date":"2025-03-30T09:15:47","date_gmt":"2025-03-30T15:15:47","guid":{"rendered":"https:\/\/alcierrenoticias.com\/?p=13858"},"modified":"2025-03-31T14:34:52","modified_gmt":"2025-03-31T20:34:52","slug":"inician-festejos-del-92-aniversario-de-delicias-con-maraton-de-ciclismo-de-montana","status":"publish","type":"post","link":"https:\/\/alcierrenoticias.com\/index.php\/2025\/03\/30\/inician-festejos-del-92-aniversario-de-delicias-con-maraton-de-ciclismo-de-montana\/","title":{"rendered":"Inician festejos del 92 aniversario de Delicias con Marat\u00f3n de Ciclismo de Monta\u00f1a."},"content":{"rendered":"<p>Esta ma\u00f1ana dieron inicio las actividades del Festival de la Fundaci\u00f3n por el 92 aniversario de Delicias, con el banderazo de salida al Marat\u00f3n de Ciclismo de Monta\u00f1a, encabezado por el presidente municipal Jes\u00fas Valenciano Garc\u00eda.<\/p>\n<p>El evento arranc\u00f3 desde el emblem\u00e1tico Reloj P\u00fablico, reuniendo a ciclistas locales y visitantes en un ambiente de celebraci\u00f3n deportiva y comunitaria.<\/p>\n<p>Previo a la salida, el alcalde salud\u00f3 personalmente a los competidores que realizaban ejercicios de calentamiento en la rotonda del Reloj P\u00fablico. En su mensaje de bienvenida, agradeci\u00f3 su participaci\u00f3n y destac\u00f3 que con esta carrera se inauguran formalmente las actividades del Festival de la Fundaci\u00f3n por el 92 aniversario de Delicias. \u201cMuchas gracias por ser parte de este 92 aniversario\u201d, expres\u00f3.<\/p>\n<p>Jes\u00fas Valenciano tambi\u00e9n invit\u00f3 a los asistentes a disfrutar de las dem\u00e1s actividades del festival, entre ellas el Ciclismo de Ruta Delicias, que contar\u00e1 con la participaci\u00f3n de equipos provenientes de diferentes partes del pa\u00eds, as\u00ed como de California y Colorado. Adelant\u00f3 que la carrera principal de ciclismo ahora se desarrollar\u00e1 rumbo a Satev\u00f3, lo que ampliar\u00e1 el recorrido y la experiencia para los atletas.<\/p>\n<p>El alcalde destac\u00f3 la magnitud del fin de semana deportivo que se vive en Delicias, ya que de manera simult\u00e1nea se est\u00e1n llevando a cabo otras importantes competencias, como el Campeonato Estatal de Charrer\u00eda y un Torneo Estatal de Futbol. Eventos que, dijo, no solo promueven el deporte sino tambi\u00e9n dejan una importante derrama econ\u00f3mica.<\/p>\n","protected":false},"excerpt":{"rendered":"<p>Esta ma\u00f1ana dieron inicio las actividades del Festival de la Fundaci\u00f3n por el 92 aniversario de Delicias, con el banderazo de salida al Marat\u00f3n de Ciclismo de Monta\u00f1a, encabezado por el presidente municipal Jes\u00fas Valenciano Garc\u00eda. El evento arranc\u00f3 desde el emblem\u00e1tico Reloj P\u00fablico, reuniendo a ciclistas locales y visitantes en un ambiente de celebraci\u00f3n deportiva y comunitaria. Previo a la salida, el alcalde salud\u00f3 personalmente a los competidores que realizaban ejercicios de calentamiento en la rotonda del Reloj P\u00fablico. En su mensaje de bienvenida, agradeci\u00f3 su participaci\u00f3n y destac\u00f3 que con esta carrera se inauguran formalmente las actividades del Festival de la Fundaci\u00f3n por el 92 aniversario de Delicias. \u201cMuchas gracias por ser parte de este 92 aniversario\u201d, expres\u00f3. Jes\u00fas Valenciano tambi\u00e9n invit\u00f3 a los asistentes a disfrutar de las dem\u00e1s actividades del festival, entre ellas el Ciclismo de Ruta Delicias, que contar\u00e1 con la participaci\u00f3n de equipos provenientes de diferentes partes del pa\u00eds, as\u00ed como de California y Colorado. Adelant\u00f3 que la carrera principal de ciclismo ahora se desarrollar\u00e1 rumbo a Satev\u00f3, lo que ampliar\u00e1 el recorrido y la experiencia para los atletas. El alcalde destac\u00f3 la magnitud del fin de semana deportivo que se vive en Delicias, ya que de manera simult\u00e1nea se est\u00e1n llevando a cabo otras importantes competencias, como el Campeonato Estatal de Charrer\u00eda y un Torneo Estatal de Futbol. Eventos que, dijo, no solo promueven el deporte sino tambi\u00e9n dejan una importante derrama econ\u00f3mica.<\/p>\n","protected":false},"author":2,"featured_media":13859,"comment_status":"open","ping_status":"open","sticky":false,"template":"","format":"standard","meta":{"_monsterinsights_skip_tracking":false,"_monsterinsights_sitenote_active":false,"_monsterinsights_sitenote_note":"","_monsterinsights_sitenote_category":0,"advanced_seo_description":"","jetpack_seo_html_title":"","jetpack_seo_noindex":false,"_jetpack_memberships_contains_paid_content":false,"footnotes":"","jetpack_publicize_message":"","jetpack_publicize_feature_enabled":true,"jetpack_social_post_already_shared":true,"jetpack_social_options":{"image_generator_settings":{"template":"highway","enabled":false},"version":2}},"categories":[135,7,11],"tags":[],"class_list":["post-13858","post","type-post","status-publish","format-standard","has-post-thumbnail","hentry","category-lo-mas-leido","category-local","category-principal"],"jetpack_publicize_connections":[],"jetpack_sharing_enabled":true,"jetpack_featured_media_url":"https:\/\/i0.wp.com\/alcierrenoticias.com\/wp-content\/uploads\/2025\/03\/WhatsApp-Image-2025-03-30-at-9.01.39-PM.jpeg?fit=1620%2C1080&ssl=1","amp_enabled":true,"_links":{"self":[{"href":"https:\/\/alcierrenoticias.com\/index.php\/wp-json\/wp\/v2\/posts\/13858","targetHints":{"allow":["GET"]}}],"collection":[{"href":"https:\/\/alcierrenoticias.com\/index.php\/wp-json\/wp\/v2\/posts"}],"about":[{"href":"https:\/\/alcierrenoticias.com\/index.php\/wp-json\/wp\/v2\/types\/post"}],"author":[{"embeddable":true,"href":"https:\/\/alcierrenoticias.com\/index.php\/wp-json\/wp\/v2\/users\/2"}],"replies":[{"embeddable":true,"href":"https:\/\/alcierrenoticias.com\/index.php\/wp-json\/wp\/v2\/comments?post=13858"}],"version-history":[{"count":2,"href":"https:\/\/alcierrenoticias.com\/index.php\/wp-json\/wp\/v2\/posts\/13858\/revisions"}],"predecessor-version":[{"id":13861,"href":"https:\/\/alcierrenoticias.com\/index.php\/wp-json\/wp\/v2\/posts\/13858\/revisions\/13861"}],"wp:featuredmedia":[{"embeddable":true,"href":"https:\/\/alcierrenoticias.com\/index.php\/wp-json\/wp\/v2\/media\/13859"}],"wp:attachment":[{"href":"https:\/\/alcierrenoticias.com\/index.php\/wp-json\/wp\/v2\/media?parent=13858"}],"wp:term":[{"taxonomy":"category","embeddable":true,"href":"https:\/\/alcierrenoticias.com\/index.php\/wp-json\/wp\/v2\/categories?post=13858"},{"taxonomy":"post_tag","embeddable":true,"href":"https:\/\/alcierrenoticias.com\/index.php\/wp-json\/wp\/v2\/tags?post=13858"}],"curies":[{"name":"wp","href":"https:\/\/api.w.org\/{rel}","templated":true}]}}