{"id":13747,"date":"2025-03-25T16:19:59","date_gmt":"2025-03-25T22:19:59","guid":{"rendered":"https:\/\/alcierrenoticias.com\/?p=13747"},"modified":"2025-03-25T19:39:46","modified_gmt":"2025-03-26T01:39:46","slug":"encabeza-jesus-valenciano-arranque-del-torneo-de-futbol-juntos-en-el-deporte-escolar","status":"publish","type":"post","link":"https:\/\/alcierrenoticias.com\/index.php\/2025\/03\/25\/encabeza-jesus-valenciano-arranque-del-torneo-de-futbol-juntos-en-el-deporte-escolar\/","title":{"rendered":"Encabeza Jes\u00fas Valenciano arranque del torneo de f\u00fatbol \u201cJuntos en el Deporte Escolar\u201d."},"content":{"rendered":"<p>El Gobierno Municipal de Delicias dio inicio al programa \u201cJuntos en el Deporte Escolar\u201d, un torneo de f\u00fatbol 5&#215;5 en ramas varonil y femenil que se realiza simult\u00e1neamente en todo el estado de Chihuahua. Este evento busca fomentar la actividad f\u00edsica y la sana competencia entre ni\u00f1os y j\u00f3venes, promoviendo la inclusi\u00f3n y el desarrollo de habilidades deportivas desde temprana edad.<\/p>\n<p>El torneo se llev\u00f3 a cabo en los campos de f\u00fatbol \u201cFundadores\u201d, con la participaci\u00f3n de alumnos provenientes de 17 escuelas de Delicias. Durante su intervenci\u00f3n, el presidente municipal Jes\u00fas Valenciano Garc\u00eda inform\u00f3 que las fechas para la etapa estatal del torneo de f\u00fatbol ser\u00e1n el 5 y 6 de abril, mientras que la etapa nacional se realizar\u00e1 en Toluca y la internacional en Argentina.<\/p>\n<p>Valenciano Garc\u00eda explic\u00f3 que esta competencia deportiva responde a la indicaci\u00f3n de la presidenta de la Rep\u00fablica, Claudia Sheinbaum Pardo, de promover el deporte en dos v\u00edas principales: el f\u00fatbol a trav\u00e9s de este torneo y un pr\u00f3ximo campeonato de boxeo. Ambas disciplinas contar\u00e1n con eliminatorias locales, estatales, nacionales e internacionales, lo que permite a los j\u00f3venes participantes aspirar a representar a su comunidad en escenarios de mayor envergadura.<\/p>\n<p>\u201cEstamos muy contentos de que tengamos hoy aqu\u00ed la participaci\u00f3n de equipos infantiles tanto varonil como femenil\u201d, expres\u00f3 Jes\u00fas Valenciano, quien destac\u00f3 su compromiso por brindar espacios seguros y adecuados para la pr\u00e1ctica deportiva, motivando a ni\u00f1os y j\u00f3venes a desarrollar sus talentos y aspirar a representar a su municipio en competencias nacionales e internacionales.<\/p>\n","protected":false},"excerpt":{"rendered":"<p>El Gobierno Municipal de Delicias dio inicio al programa \u201cJuntos en el Deporte Escolar\u201d, un torneo de f\u00fatbol 5&#215;5 en ramas varonil y femenil que se realiza simult\u00e1neamente en todo el estado de Chihuahua. Este evento busca fomentar la actividad f\u00edsica y la sana competencia entre ni\u00f1os y j\u00f3venes, promoviendo la inclusi\u00f3n y el desarrollo de habilidades deportivas desde temprana edad. El torneo se llev\u00f3 a cabo en los campos de f\u00fatbol \u201cFundadores\u201d, con la participaci\u00f3n de alumnos provenientes de 17 escuelas de Delicias. Durante su intervenci\u00f3n, el presidente municipal Jes\u00fas Valenciano Garc\u00eda inform\u00f3 que las fechas para la etapa estatal del torneo de f\u00fatbol ser\u00e1n el 5 y 6 de abril, mientras que la etapa nacional se realizar\u00e1 en Toluca y la internacional en Argentina. Valenciano Garc\u00eda explic\u00f3 que esta competencia deportiva responde a la indicaci\u00f3n de la presidenta de la Rep\u00fablica, Claudia Sheinbaum Pardo, de promover el deporte en dos v\u00edas principales: el f\u00fatbol a trav\u00e9s de este torneo y un pr\u00f3ximo campeonato de boxeo. Ambas disciplinas contar\u00e1n con eliminatorias locales, estatales, nacionales e internacionales, lo que permite a los j\u00f3venes participantes aspirar a representar a su comunidad en escenarios de mayor envergadura. \u201cEstamos muy contentos de que tengamos hoy aqu\u00ed la participaci\u00f3n de equipos infantiles tanto varonil como femenil\u201d, expres\u00f3 Jes\u00fas Valenciano, quien destac\u00f3 su compromiso por brindar espacios seguros y adecuados para la pr\u00e1ctica deportiva, motivando a ni\u00f1os y j\u00f3venes a desarrollar sus talentos y aspirar a representar a su municipio en competencias nacionales e internacionales.<\/p>\n","protected":false},"author":2,"featured_media":13748,"comment_status":"open","ping_status":"open","sticky":false,"template":"","format":"standard","meta":{"_monsterinsights_skip_tracking":false,"_monsterinsights_sitenote_active":false,"_monsterinsights_sitenote_note":"","_monsterinsights_sitenote_category":0,"advanced_seo_description":"","jetpack_seo_html_title":"","jetpack_seo_noindex":false,"_jetpack_memberships_contains_paid_content":false,"footnotes":"","jetpack_publicize_message":"","jetpack_publicize_feature_enabled":true,"jetpack_social_post_already_shared":true,"jetpack_social_options":{"image_generator_settings":{"template":"highway","enabled":false},"version":2}},"categories":[135,7,11],"tags":[],"class_list":["post-13747","post","type-post","status-publish","format-standard","has-post-thumbnail","hentry","category-lo-mas-leido","category-local","category-principal"],"jetpack_publicize_connections":[],"jetpack_sharing_enabled":true,"jetpack_featured_media_url":"https:\/\/i0.wp.com\/alcierrenoticias.com\/wp-content\/uploads\/2025\/03\/WhatsApp-Image-2025-03-25-at-4.06.01-PM-scaled-e1742953160886.jpeg?fit=1200%2C626&ssl=1","amp_enabled":true,"_links":{"self":[{"href":"https:\/\/alcierrenoticias.com\/index.php\/wp-json\/wp\/v2\/posts\/13747","targetHints":{"allow":["GET"]}}],"collection":[{"href":"https:\/\/alcierrenoticias.com\/index.php\/wp-json\/wp\/v2\/posts"}],"about":[{"href":"https:\/\/alcierrenoticias.com\/index.php\/wp-json\/wp\/v2\/types\/post"}],"author":[{"embeddable":true,"href":"https:\/\/alcierrenoticias.com\/index.php\/wp-json\/wp\/v2\/users\/2"}],"replies":[{"embeddable":true,"href":"https:\/\/alcierrenoticias.com\/index.php\/wp-json\/wp\/v2\/comments?post=13747"}],"version-history":[{"count":2,"href":"https:\/\/alcierrenoticias.com\/index.php\/wp-json\/wp\/v2\/posts\/13747\/revisions"}],"predecessor-version":[{"id":13750,"href":"https:\/\/alcierrenoticias.com\/index.php\/wp-json\/wp\/v2\/posts\/13747\/revisions\/13750"}],"wp:featuredmedia":[{"embeddable":true,"href":"https:\/\/alcierrenoticias.com\/index.php\/wp-json\/wp\/v2\/media\/13748"}],"wp:attachment":[{"href":"https:\/\/alcierrenoticias.com\/index.php\/wp-json\/wp\/v2\/media?parent=13747"}],"wp:term":[{"taxonomy":"category","embeddable":true,"href":"https:\/\/alcierrenoticias.com\/index.php\/wp-json\/wp\/v2\/categories?post=13747"},{"taxonomy":"post_tag","embeddable":true,"href":"https:\/\/alcierrenoticias.com\/index.php\/wp-json\/wp\/v2\/tags?post=13747"}],"curies":[{"name":"wp","href":"https:\/\/api.w.org\/{rel}","templated":true}]}}