{"id":1235,"date":"2023-03-22T18:33:41","date_gmt":"2023-03-23T01:33:41","guid":{"rendered":"https:\/\/alcierrenoticias.com\/?p=1235"},"modified":"2023-03-22T18:33:41","modified_gmt":"2023-03-23T01:33:41","slug":"dif-delicias-renueva-convenio-de-colaboracion-con-cecati-142","status":"publish","type":"post","link":"https:\/\/alcierrenoticias.com\/index.php\/2023\/03\/22\/dif-delicias-renueva-convenio-de-colaboracion-con-cecati-142\/","title":{"rendered":"DIF Delicias renueva convenio de colaboraci\u00f3n con CECATI 142."},"content":{"rendered":"<p>Con el objetivo de becar a las personas que tengan inter\u00e9s de aumentar su preparaci\u00f3n y formaci\u00f3n, la Presidenta del DIF Delicias, Alma Limas de Valenciano, renov\u00f3 este mi\u00e9rcoles, el convenio de colaboraci\u00f3n con el CECATI 142, en las instalaciones del plantel.<\/p>\n<p>&nbsp;<\/p>\n<p>El objetivo radica en incentivar la capacitaci\u00f3n de oficios de gran utilidad para mejorar la calidad de vida de las personas que m\u00e1s lo requieren, mediante una carta que expide el DIF Delicias, a partir de un estudio socio econ\u00f3mico, que garantizas un descuento importante en la inscripci\u00f3n de cada curso, explic\u00f3 la Presidenta del DIF.<\/p>\n<p>&nbsp;<\/p>\n<p>Agreg\u00f3 que algunos de los cursos que se ofrecen son carpinter\u00eda, belleza, electricidad, inform\u00e1tica, por mencionar algunos, con la finalidad de promover la vida productiva e independiente, asimismo, solicit\u00f3 hacer difusi\u00f3n para que los interesados acudan al departamento de trabajo social del DIF Municipal, para solicitar esta carta que avala dicho descuento.<\/p>\n<p>&nbsp;<\/p>\n<p>Por su parte Karem Vel\u00e1zquez, directora del CECATI 142, destac\u00f3 que son 17 especialidades autorizadas, en las que se ofrecen diferentes cursos, y refrend\u00f3 su compromiso con Gobierno Municipal para continuar trabajando en colaboraci\u00f3n, finalmente aplaudi\u00f3 la labor de la Presidenta del DIF, Alma Limas de Valenciano, por impulsar el autoempleo como un estilo de vida.<\/p>\n<p><img data-recalc-dims=\"1\" fetchpriority=\"high\" decoding=\"async\" class=\"alignnone  wp-image-1237\" src=\"https:\/\/i0.wp.com\/alcierrenoticias.com\/wp-content\/uploads\/2023\/03\/WhatsApp-Image-2023-03-22-at-4.12.46-PM.jpeg?resize=748%2C498&#038;ssl=1\" alt=\"\" width=\"748\" height=\"498\" srcset=\"https:\/\/i0.wp.com\/alcierrenoticias.com\/wp-content\/uploads\/2023\/03\/WhatsApp-Image-2023-03-22-at-4.12.46-PM.jpeg?resize=300%2C200&amp;ssl=1 300w, https:\/\/i0.wp.com\/alcierrenoticias.com\/wp-content\/uploads\/2023\/03\/WhatsApp-Image-2023-03-22-at-4.12.46-PM.jpeg?resize=1024%2C682&amp;ssl=1 1024w, https:\/\/i0.wp.com\/alcierrenoticias.com\/wp-content\/uploads\/2023\/03\/WhatsApp-Image-2023-03-22-at-4.12.46-PM.jpeg?resize=768%2C512&amp;ssl=1 768w, https:\/\/i0.wp.com\/alcierrenoticias.com\/wp-content\/uploads\/2023\/03\/WhatsApp-Image-2023-03-22-at-4.12.46-PM.jpeg?resize=1536%2C1023&amp;ssl=1 1536w, https:\/\/i0.wp.com\/alcierrenoticias.com\/wp-content\/uploads\/2023\/03\/WhatsApp-Image-2023-03-22-at-4.12.46-PM.jpeg?w=1600&amp;ssl=1 1600w\" sizes=\"(max-width: 748px) 100vw, 748px\" \/><\/p>\n","protected":false},"excerpt":{"rendered":"<p>Con el objetivo de becar a las personas que tengan inter\u00e9s de aumentar su preparaci\u00f3n y formaci\u00f3n, la Presidenta del DIF Delicias, Alma Limas de Valenciano, renov\u00f3 este mi\u00e9rcoles, el convenio de colaboraci\u00f3n con el CECATI 142, en las instalaciones del plantel. &nbsp; El objetivo radica en incentivar la capacitaci\u00f3n de oficios de gran utilidad para mejorar la calidad de vida de las personas que m\u00e1s lo requieren, mediante una carta que expide el DIF Delicias, a partir de un estudio socio econ\u00f3mico, que garantizas un descuento importante en la inscripci\u00f3n de cada curso, explic\u00f3 la Presidenta del DIF. &nbsp; Agreg\u00f3 que algunos de los cursos que se ofrecen son carpinter\u00eda, belleza, electricidad, inform\u00e1tica, por mencionar algunos, con la finalidad de promover la vida productiva e independiente, asimismo, solicit\u00f3 hacer difusi\u00f3n para que los interesados acudan al departamento de trabajo social del DIF Municipal, para solicitar esta carta que avala dicho descuento. &nbsp; Por su parte Karem Vel\u00e1zquez, directora del CECATI 142, destac\u00f3 que son 17 especialidades autorizadas, en las que se ofrecen diferentes cursos, y refrend\u00f3 su compromiso con Gobierno Municipal para continuar trabajando en colaboraci\u00f3n, finalmente aplaudi\u00f3 la labor de la Presidenta del DIF, Alma Limas de Valenciano, por impulsar el autoempleo como un estilo de vida.<\/p>\n","protected":false},"author":2,"featured_media":1236,"comment_status":"open","ping_status":"open","sticky":false,"template":"","format":"standard","meta":{"_monsterinsights_skip_tracking":false,"_monsterinsights_sitenote_active":false,"_monsterinsights_sitenote_note":"","_monsterinsights_sitenote_category":0,"advanced_seo_description":"","jetpack_seo_html_title":"","jetpack_seo_noindex":false,"_jetpack_memberships_contains_paid_content":false,"footnotes":"","jetpack_publicize_message":"","jetpack_publicize_feature_enabled":true,"jetpack_social_post_already_shared":true,"jetpack_social_options":{"image_generator_settings":{"template":"highway","enabled":false},"version":2}},"categories":[135,7,11],"tags":[],"class_list":["post-1235","post","type-post","status-publish","format-standard","has-post-thumbnail","hentry","category-lo-mas-leido","category-local","category-principal"],"jetpack_publicize_connections":[],"jetpack_sharing_enabled":true,"jetpack_featured_media_url":"https:\/\/i0.wp.com\/alcierrenoticias.com\/wp-content\/uploads\/2023\/03\/WhatsApp-Image-2023-03-22-at-4.12.45-PM.jpeg?fit=1600%2C1066&ssl=1","amp_enabled":true,"_links":{"self":[{"href":"https:\/\/alcierrenoticias.com\/index.php\/wp-json\/wp\/v2\/posts\/1235","targetHints":{"allow":["GET"]}}],"collection":[{"href":"https:\/\/alcierrenoticias.com\/index.php\/wp-json\/wp\/v2\/posts"}],"about":[{"href":"https:\/\/alcierrenoticias.com\/index.php\/wp-json\/wp\/v2\/types\/post"}],"author":[{"embeddable":true,"href":"https:\/\/alcierrenoticias.com\/index.php\/wp-json\/wp\/v2\/users\/2"}],"replies":[{"embeddable":true,"href":"https:\/\/alcierrenoticias.com\/index.php\/wp-json\/wp\/v2\/comments?post=1235"}],"version-history":[{"count":1,"href":"https:\/\/alcierrenoticias.com\/index.php\/wp-json\/wp\/v2\/posts\/1235\/revisions"}],"predecessor-version":[{"id":1238,"href":"https:\/\/alcierrenoticias.com\/index.php\/wp-json\/wp\/v2\/posts\/1235\/revisions\/1238"}],"wp:featuredmedia":[{"embeddable":true,"href":"https:\/\/alcierrenoticias.com\/index.php\/wp-json\/wp\/v2\/media\/1236"}],"wp:attachment":[{"href":"https:\/\/alcierrenoticias.com\/index.php\/wp-json\/wp\/v2\/media?parent=1235"}],"wp:term":[{"taxonomy":"category","embeddable":true,"href":"https:\/\/alcierrenoticias.com\/index.php\/wp-json\/wp\/v2\/categories?post=1235"},{"taxonomy":"post_tag","embeddable":true,"href":"https:\/\/alcierrenoticias.com\/index.php\/wp-json\/wp\/v2\/tags?post=1235"}],"curies":[{"name":"wp","href":"https:\/\/api.w.org\/{rel}","templated":true}]}}