{"id":1201,"date":"2023-03-21T16:19:36","date_gmt":"2023-03-21T23:19:36","guid":{"rendered":"https:\/\/alcierrenoticias.com\/?p=1201"},"modified":"2023-03-21T16:19:36","modified_gmt":"2023-03-21T23:19:36","slug":"medio-ambiente-delicias-lanza-campana-el-vape-no-se-bota-se-recicla","status":"publish","type":"post","link":"https:\/\/alcierrenoticias.com\/index.php\/2023\/03\/21\/medio-ambiente-delicias-lanza-campana-el-vape-no-se-bota-se-recicla\/","title":{"rendered":"Medio Ambiente Delicias lanza campa\u00f1a \u201cel vape no se bota, se recicla\u201d."},"content":{"rendered":"<p>Con la finalidad de concientizar a la comunidad estudiantil para evitar el consumo del vaporizador, as\u00ed como de su debido desecho, el titular de Medio Ambiente Delicias, Juan Carlos Torrecillas, lanz\u00f3 la campa\u00f1a &#8220;El vape no se bota, se recicla&#8221; para escuelas de nivel medio superior.<\/p>\n<p>&nbsp;<\/p>\n<p>El objetivo es dar a conocer el da\u00f1o irreversible que genera el consumo de los cigarrillos electr\u00f3nicos, al planeta y a la propia salud, as\u00ed como la correcta disposici\u00f3n final de estos productos, a trav\u00e9s de la pl\u00e1tica de un m\u00e9dico y del encargado de Educaci\u00f3n Ambiental, quienes explican las afectaciones, resalt\u00f3 Torrecillas.<\/p>\n<p>&nbsp;<\/p>\n<p>Se\u00f1al\u00f3 que hasta el momento van m\u00e1s de mil j\u00f3venes estudiantes a los que se les ha impartido esta informaci\u00f3n y se prev\u00e9 que para antes de que acabe marzo visitar 20 escuelas en total.<\/p>\n<p>&nbsp;<\/p>\n<p>\u201cLa encomienda del Alcalde Valenciano es ser proactivos y no esperar las m\u00faltiples legislaciones necesarias para la disposici\u00f3n correcta de estos aparatos, por lo que estas acciones inmediatas abonan a la conservaci\u00f3n del medio ambiente en colaboraci\u00f3n con los j\u00f3venes\u201d declar\u00f3.<\/p>\n<p><img data-recalc-dims=\"1\" fetchpriority=\"high\" decoding=\"async\" class=\"alignnone  wp-image-1203\" src=\"https:\/\/i0.wp.com\/alcierrenoticias.com\/wp-content\/uploads\/2023\/03\/WhatsApp-Image-2023-03-21-at-6.55.01-AM.jpeg?resize=750%2C562&#038;ssl=1\" alt=\"\" width=\"750\" height=\"562\" srcset=\"https:\/\/i0.wp.com\/alcierrenoticias.com\/wp-content\/uploads\/2023\/03\/WhatsApp-Image-2023-03-21-at-6.55.01-AM.jpeg?resize=300%2C225&amp;ssl=1 300w, https:\/\/i0.wp.com\/alcierrenoticias.com\/wp-content\/uploads\/2023\/03\/WhatsApp-Image-2023-03-21-at-6.55.01-AM.jpeg?resize=1024%2C768&amp;ssl=1 1024w, https:\/\/i0.wp.com\/alcierrenoticias.com\/wp-content\/uploads\/2023\/03\/WhatsApp-Image-2023-03-21-at-6.55.01-AM.jpeg?resize=768%2C576&amp;ssl=1 768w, https:\/\/i0.wp.com\/alcierrenoticias.com\/wp-content\/uploads\/2023\/03\/WhatsApp-Image-2023-03-21-at-6.55.01-AM.jpeg?w=1280&amp;ssl=1 1280w\" sizes=\"(max-width: 750px) 100vw, 750px\" \/><\/p>\n","protected":false},"excerpt":{"rendered":"<p>Con la finalidad de concientizar a la comunidad estudiantil para evitar el consumo del vaporizador, as\u00ed como de su debido desecho, el titular de Medio Ambiente Delicias, Juan Carlos Torrecillas, lanz\u00f3 la campa\u00f1a &#8220;El vape no se bota, se recicla&#8221; para escuelas de nivel medio superior. &nbsp; El objetivo es dar a conocer el da\u00f1o irreversible que genera el consumo de los cigarrillos electr\u00f3nicos, al planeta y a la propia salud, as\u00ed como la correcta disposici\u00f3n final de estos productos, a trav\u00e9s de la pl\u00e1tica de un m\u00e9dico y del encargado de Educaci\u00f3n Ambiental, quienes explican las afectaciones, resalt\u00f3 Torrecillas. &nbsp; Se\u00f1al\u00f3 que hasta el momento van m\u00e1s de mil j\u00f3venes estudiantes a los que se les ha impartido esta informaci\u00f3n y se prev\u00e9 que para antes de que acabe marzo visitar 20 escuelas en total. &nbsp; \u201cLa encomienda del Alcalde Valenciano es ser proactivos y no esperar las m\u00faltiples legislaciones necesarias para la disposici\u00f3n correcta de estos aparatos, por lo que estas acciones inmediatas abonan a la conservaci\u00f3n del medio ambiente en colaboraci\u00f3n con los j\u00f3venes\u201d declar\u00f3.<\/p>\n","protected":false},"author":2,"featured_media":1202,"comment_status":"open","ping_status":"open","sticky":false,"template":"","format":"standard","meta":{"_monsterinsights_skip_tracking":false,"_monsterinsights_sitenote_active":false,"_monsterinsights_sitenote_note":"","_monsterinsights_sitenote_category":0,"advanced_seo_description":"","jetpack_seo_html_title":"","jetpack_seo_noindex":false,"_jetpack_memberships_contains_paid_content":false,"footnotes":"","jetpack_publicize_message":"","jetpack_publicize_feature_enabled":true,"jetpack_social_post_already_shared":true,"jetpack_social_options":{"image_generator_settings":{"template":"highway","enabled":false},"version":2}},"categories":[135,7,11],"tags":[],"class_list":["post-1201","post","type-post","status-publish","format-standard","has-post-thumbnail","hentry","category-lo-mas-leido","category-local","category-principal"],"jetpack_publicize_connections":[],"jetpack_sharing_enabled":true,"jetpack_featured_media_url":"https:\/\/i0.wp.com\/alcierrenoticias.com\/wp-content\/uploads\/2023\/03\/WhatsApp-Image-2023-03-21-at-6.55.01-AM-1-e1679440533888.jpeg?fit=500%2C500&ssl=1","amp_enabled":true,"_links":{"self":[{"href":"https:\/\/alcierrenoticias.com\/index.php\/wp-json\/wp\/v2\/posts\/1201","targetHints":{"allow":["GET"]}}],"collection":[{"href":"https:\/\/alcierrenoticias.com\/index.php\/wp-json\/wp\/v2\/posts"}],"about":[{"href":"https:\/\/alcierrenoticias.com\/index.php\/wp-json\/wp\/v2\/types\/post"}],"author":[{"embeddable":true,"href":"https:\/\/alcierrenoticias.com\/index.php\/wp-json\/wp\/v2\/users\/2"}],"replies":[{"embeddable":true,"href":"https:\/\/alcierrenoticias.com\/index.php\/wp-json\/wp\/v2\/comments?post=1201"}],"version-history":[{"count":1,"href":"https:\/\/alcierrenoticias.com\/index.php\/wp-json\/wp\/v2\/posts\/1201\/revisions"}],"predecessor-version":[{"id":1204,"href":"https:\/\/alcierrenoticias.com\/index.php\/wp-json\/wp\/v2\/posts\/1201\/revisions\/1204"}],"wp:featuredmedia":[{"embeddable":true,"href":"https:\/\/alcierrenoticias.com\/index.php\/wp-json\/wp\/v2\/media\/1202"}],"wp:attachment":[{"href":"https:\/\/alcierrenoticias.com\/index.php\/wp-json\/wp\/v2\/media?parent=1201"}],"wp:term":[{"taxonomy":"category","embeddable":true,"href":"https:\/\/alcierrenoticias.com\/index.php\/wp-json\/wp\/v2\/categories?post=1201"},{"taxonomy":"post_tag","embeddable":true,"href":"https:\/\/alcierrenoticias.com\/index.php\/wp-json\/wp\/v2\/tags?post=1201"}],"curies":[{"name":"wp","href":"https:\/\/api.w.org\/{rel}","templated":true}]}}