{"id":1115,"date":"2023-03-16T12:37:27","date_gmt":"2023-03-16T19:37:27","guid":{"rendered":"https:\/\/alcierrenoticias.com\/?p=1115"},"modified":"2023-03-16T12:37:27","modified_gmt":"2023-03-16T19:37:27","slug":"sesionara-congreso-en-delicias-el-proximo-primero-de-abril","status":"publish","type":"post","link":"https:\/\/alcierrenoticias.com\/index.php\/2023\/03\/16\/sesionara-congreso-en-delicias-el-proximo-primero-de-abril\/","title":{"rendered":"Sesionar\u00e1 Congreso en Delicias el pr\u00f3ximo primero de abril."},"content":{"rendered":"<p>Conmemorar\u00e1n el 90 Aniversario de su fundaci\u00f3n, dentro del cual se entregar\u00e1 la Medalla al M\u00e9rito Ciudadano Fundadores.<\/p>\n<p>En Sesi\u00f3n Ordinaria del Congreso de Chihuahua, las y los diputados aprobaron el dictamen de la Junta de Coordinaci\u00f3n Pol\u00edtica, por el cual se autoriz\u00f3 trasladar la sede del Poder Legislativo a la Ciudad de Delicias, el pr\u00f3ximo 1 de abril del presente a\u00f1o, con la finalidad de conmemorar el 90 aniversario de su fundaci\u00f3n.<\/p>\n<p>Lo anterior, luego de que el pasado mes de abril del 2022, el presidente municipal de Delicias, solicit\u00f3 al Congreso decretar el traslado de los Poderes del Estado a dicha ciudad, a fin de realizar el acto protocolario en conmemoraci\u00f3n del aniversario en menci\u00f3n, as\u00ed como llevar a cabo la entrega de la Medalla al M\u00e9rito Ciudadano Fundadores.<\/p>\n<p>El diputado Edgar Pi\u00f1\u00f3n Dom\u00ednguez al exponer el dictamen de la Junta de Coordinaci\u00f3n Pol\u00edtica al Pleno Legislativo, resalt\u00f3 que en d\u00edas pasados funcionarios del ayuntamiento referido, acudieron al Poder Legislativo para ofrecer alternativas que faciliten al Pleno llevar a cabo sesi\u00f3n solemne en dicha localidad. Siendo estas, considerar un espacio apropiado para su desarrollo, as\u00ed como cubrir los gastos que implica la adecuaci\u00f3n del recinto oficial.<\/p>\n<p>Es por lo anterior y por el voto un\u00e1nime de las y los diputados presentes en la Sesi\u00f3n Ordinaria, que se declar\u00f3 Recinto Oficial del Poder Legislativo, el sito en el cruce de la Calle Central y Avenida Agricultura, y Avenida Sexta Norte y Oriente, junto al edificio del Hotel del Norte, en Ciudad Delicias, Chih., para celebrar sesi\u00f3n solemne, el d\u00eda s\u00e1bado 01 de abril del a\u00f1o en curso.<\/p>\n<p><img data-recalc-dims=\"1\" fetchpriority=\"high\" decoding=\"async\" class=\"alignnone  wp-image-1117\" src=\"https:\/\/i0.wp.com\/alcierrenoticias.com\/wp-content\/uploads\/2023\/03\/WhatsApp-Image-2023-03-16-at-12.11.15-PM.jpeg?resize=750%2C500&#038;ssl=1\" alt=\"\" width=\"750\" height=\"500\" srcset=\"https:\/\/i0.wp.com\/alcierrenoticias.com\/wp-content\/uploads\/2023\/03\/WhatsApp-Image-2023-03-16-at-12.11.15-PM.jpeg?resize=300%2C200&amp;ssl=1 300w, https:\/\/i0.wp.com\/alcierrenoticias.com\/wp-content\/uploads\/2023\/03\/WhatsApp-Image-2023-03-16-at-12.11.15-PM.jpeg?resize=1024%2C683&amp;ssl=1 1024w, https:\/\/i0.wp.com\/alcierrenoticias.com\/wp-content\/uploads\/2023\/03\/WhatsApp-Image-2023-03-16-at-12.11.15-PM.jpeg?resize=768%2C512&amp;ssl=1 768w, https:\/\/i0.wp.com\/alcierrenoticias.com\/wp-content\/uploads\/2023\/03\/WhatsApp-Image-2023-03-16-at-12.11.15-PM.jpeg?resize=1536%2C1024&amp;ssl=1 1536w, https:\/\/i0.wp.com\/alcierrenoticias.com\/wp-content\/uploads\/2023\/03\/WhatsApp-Image-2023-03-16-at-12.11.15-PM.jpeg?w=1600&amp;ssl=1 1600w\" sizes=\"(max-width: 750px) 100vw, 750px\" \/><\/p>\n","protected":false},"excerpt":{"rendered":"<p>Conmemorar\u00e1n el 90 Aniversario de su fundaci\u00f3n, dentro del cual se entregar\u00e1 la Medalla al M\u00e9rito Ciudadano Fundadores. En Sesi\u00f3n Ordinaria del Congreso de Chihuahua, las y los diputados aprobaron el dictamen de la Junta de Coordinaci\u00f3n Pol\u00edtica, por el cual se autoriz\u00f3 trasladar la sede del Poder Legislativo a la Ciudad de Delicias, el pr\u00f3ximo 1 de abril del presente a\u00f1o, con la finalidad de conmemorar el 90 aniversario de su fundaci\u00f3n. Lo anterior, luego de que el pasado mes de abril del 2022, el presidente municipal de Delicias, solicit\u00f3 al Congreso decretar el traslado de los Poderes del Estado a dicha ciudad, a fin de realizar el acto protocolario en conmemoraci\u00f3n del aniversario en menci\u00f3n, as\u00ed como llevar a cabo la entrega de la Medalla al M\u00e9rito Ciudadano Fundadores. El diputado Edgar Pi\u00f1\u00f3n Dom\u00ednguez al exponer el dictamen de la Junta de Coordinaci\u00f3n Pol\u00edtica al Pleno Legislativo, resalt\u00f3 que en d\u00edas pasados funcionarios del ayuntamiento referido, acudieron al Poder Legislativo para ofrecer alternativas que faciliten al Pleno llevar a cabo sesi\u00f3n solemne en dicha localidad. Siendo estas, considerar un espacio apropiado para su desarrollo, as\u00ed como cubrir los gastos que implica la adecuaci\u00f3n del recinto oficial. Es por lo anterior y por el voto un\u00e1nime de las y los diputados presentes en la Sesi\u00f3n Ordinaria, que se declar\u00f3 Recinto Oficial del Poder Legislativo, el sito en el cruce de la Calle Central y Avenida Agricultura, y Avenida Sexta Norte y Oriente, junto al edificio del Hotel del Norte, en Ciudad Delicias, Chih., para celebrar sesi\u00f3n solemne, el d\u00eda s\u00e1bado 01 de abril del a\u00f1o en curso.<\/p>\n","protected":false},"author":2,"featured_media":1116,"comment_status":"open","ping_status":"open","sticky":false,"template":"","format":"standard","meta":{"_monsterinsights_skip_tracking":false,"_monsterinsights_sitenote_active":false,"_monsterinsights_sitenote_note":"","_monsterinsights_sitenote_category":0,"advanced_seo_description":"","jetpack_seo_html_title":"","jetpack_seo_noindex":false,"_jetpack_memberships_contains_paid_content":false,"footnotes":"","jetpack_publicize_message":"","jetpack_publicize_feature_enabled":true,"jetpack_social_post_already_shared":true,"jetpack_social_options":{"image_generator_settings":{"template":"highway","enabled":false},"version":2}},"categories":[135,7,11],"tags":[],"class_list":["post-1115","post","type-post","status-publish","format-standard","has-post-thumbnail","hentry","category-lo-mas-leido","category-local","category-principal"],"jetpack_publicize_connections":[],"jetpack_sharing_enabled":true,"jetpack_featured_media_url":"https:\/\/i0.wp.com\/alcierrenoticias.com\/wp-content\/uploads\/2023\/03\/WhatsApp-Image-2023-03-16-at-12.11.18-PM.jpeg?fit=1600%2C1066&ssl=1","amp_enabled":true,"_links":{"self":[{"href":"https:\/\/alcierrenoticias.com\/index.php\/wp-json\/wp\/v2\/posts\/1115","targetHints":{"allow":["GET"]}}],"collection":[{"href":"https:\/\/alcierrenoticias.com\/index.php\/wp-json\/wp\/v2\/posts"}],"about":[{"href":"https:\/\/alcierrenoticias.com\/index.php\/wp-json\/wp\/v2\/types\/post"}],"author":[{"embeddable":true,"href":"https:\/\/alcierrenoticias.com\/index.php\/wp-json\/wp\/v2\/users\/2"}],"replies":[{"embeddable":true,"href":"https:\/\/alcierrenoticias.com\/index.php\/wp-json\/wp\/v2\/comments?post=1115"}],"version-history":[{"count":1,"href":"https:\/\/alcierrenoticias.com\/index.php\/wp-json\/wp\/v2\/posts\/1115\/revisions"}],"predecessor-version":[{"id":1118,"href":"https:\/\/alcierrenoticias.com\/index.php\/wp-json\/wp\/v2\/posts\/1115\/revisions\/1118"}],"wp:featuredmedia":[{"embeddable":true,"href":"https:\/\/alcierrenoticias.com\/index.php\/wp-json\/wp\/v2\/media\/1116"}],"wp:attachment":[{"href":"https:\/\/alcierrenoticias.com\/index.php\/wp-json\/wp\/v2\/media?parent=1115"}],"wp:term":[{"taxonomy":"category","embeddable":true,"href":"https:\/\/alcierrenoticias.com\/index.php\/wp-json\/wp\/v2\/categories?post=1115"},{"taxonomy":"post_tag","embeddable":true,"href":"https:\/\/alcierrenoticias.com\/index.php\/wp-json\/wp\/v2\/tags?post=1115"}],"curies":[{"name":"wp","href":"https:\/\/api.w.org\/{rel}","templated":true}]}}